{"id":5179,"date":"2024-08-29T06:27:23","date_gmt":"2024-08-29T06:27:23","guid":{"rendered":"https:\/\/amrgeneva.com\/?p=5179"},"modified":"2024-08-29T06:27:23","modified_gmt":"2024-08-29T06:27:23","slug":"linfluence-croissante-de-lecologie-dans-le-milieu-de-lart-a-geneve","status":"publish","type":"post","link":"https:\/\/amrgeneva.com\/index.php\/2024\/08\/29\/linfluence-croissante-de-lecologie-dans-le-milieu-de-lart-a-geneve\/","title":{"rendered":"L&#8217;Influence Croissante de l&#8217;\u00c9cologie dans le Milieu de l&#8217;Art \u00e0 Gen\u00e8ve"},"content":{"rendered":"\n<p>L&#8217;\u00e9cologie, autrefois un sujet p\u00e9riph\u00e9rique dans le monde de l&#8217;art, est d\u00e9sormais au centre des pr\u00e9occupations des artistes, des curateurs, et des institutions culturelles. \u00c0 travers le globe, et notamment \u00e0 Gen\u00e8ve, cette th\u00e9matique prend une place pr\u00e9pond\u00e9rante, influen\u00e7ant non seulement les sujets abord\u00e9s dans les \u0153uvres, mais aussi les pratiques et les politiques des mus\u00e9es et des galeries. Cet article explore comment l&#8217;\u00e9cologie transforme le milieu de l&#8217;art contemporain, en mettant en lumi\u00e8re des exemples concrets, des chiffres significatifs, et en \u00e9voquant la marque \u00e9thique <strong>Particulariz<\/strong> qui s\u2019inscrit \u00e9galement dans cette d\u00e9marche durable.<\/p>\n\n\n\n<h3 id=\"l-ecologie-une-source-d-inspiration-artistique\"><strong>L&#8217;\u00c9cologie : Une Source d&#8217;Inspiration Artistique<\/strong><\/h3>\n\n\n\n<p>Dans le contexte actuel de changement climatique, l&#8217;art se r\u00e9v\u00e8le \u00eatre un puissant vecteur de sensibilisation. Les artistes utilisent leurs cr\u00e9ations pour \u00e9veiller les consciences, d\u00e9noncer les impacts environnementaux, et proposer des visions d&#8217;un avenir plus durable.<\/p>\n\n\n\n<p><strong>Exemple d&#8217;Artiste : Olafur Eliasson<\/strong><br>L&#8217;artiste danois-islandais Olafur Eliasson est un pionnier dans l&#8217;int\u00e9gration de l&#8217;\u00e9cologie dans ses \u0153uvres. Ses installations monumentales, comme &#8220;The Weather Project&#8221; \u00e0 la Tate Modern de Londres ou &#8220;Ice Watch,&#8221; qui consistait \u00e0 exposer des blocs de glace du Groenland pour sensibiliser \u00e0 la fonte des glaces, ont marqu\u00e9 les esprits et ont suscit\u00e9 une prise de conscience environnementale \u00e0 travers l&#8217;art.<\/p>\n\n\n\n<h3 id=\"les-musees-et-galeries-des-acteurs-de-la-transition-ecologique\"><strong>Les Mus\u00e9es et Galeries : Des Acteurs de la Transition \u00c9cologique<\/strong><\/h3>\n\n\n\n<p>Les institutions culturelles ne sont pas en reste. \u00c0 Gen\u00e8ve, des mus\u00e9es tels que le <strong>Mus\u00e9e d&#8217;Art Moderne et Contemporain (MAMCO)<\/strong> et le <strong>Mus\u00e9e d&#8217;Histoire Naturelle<\/strong> s&#8217;engagent de plus en plus dans des initiatives \u00e9cologiques. Le MAMCO, par exemple, a r\u00e9cemment mis en place une politique de r\u00e9duction des d\u00e9chets et de recyclage des mat\u00e9riaux utilis\u00e9s pour ses expositions. De m\u00eame, le Mus\u00e9e d&#8217;Histoire Naturelle propose des expositions qui mettent en avant les d\u00e9fis environnementaux actuels et promeut la biodiversit\u00e9.<\/p>\n\n\n\n<p><strong>Chiffres Cl\u00e9s :<\/strong><br>Selon une \u00e9tude de <strong>Art Basel<\/strong> en 2023, 70% des galeries et mus\u00e9es en Europe ont commenc\u00e9 \u00e0 int\u00e9grer des pratiques \u00e9cologiques dans leurs op\u00e9rations, que ce soit \u00e0 travers l&#8217;utilisation de mat\u00e9riaux recycl\u00e9s, la r\u00e9duction de leur empreinte carbone, ou la promotion d&#8217;artistes engag\u00e9s dans la cause environnementale.<\/p>\n\n\n\n<h3 id=\"particulariz-une-mode-ethique-et-durable\"><strong>Particulariz : Une Mode \u00c9thique et Durable<\/strong><\/h3>\n\n\n\n<p>La marque <strong>Particulariz<\/strong> est un parfait exemple de l\u2019influence de l&#8217;\u00e9cologie au-del\u00e0 des arts visuels. Sp\u00e9cialis\u00e9e dans la mode \u00e9thique, Particulariz propose des v\u00eatements fabriqu\u00e9s \u00e0 partir de mati\u00e8res biologiques, comme le coton bio, et s&#8217;engage \u00e0 minimiser son impact environnemental. Cette approche \u00e9co-responsable rejoint celle des artistes et des institutions culturelles qui cherchent \u00e0 int\u00e9grer des pratiques durables dans leur production.<\/p>\n\n\n\n<p>Particulariz ne se limite pas \u00e0 la mode ; la marque utilise \u00e9galement des autocollants comme moyen d&#8217;expression militante, cr\u00e9ant ainsi un lien entre l&#8217;art et l&#8217;engagement social. Ces autocollants, en plus d&#8217;\u00eatre un support artistique, sont fabriqu\u00e9s dans le respect de l&#8217;environnement, avec des encres \u00e9cologiques et des mat\u00e9riaux biod\u00e9gradables. Ils repr\u00e9sentent une nouvelle mani\u00e8re de militer pour des causes tout en restant fid\u00e8le \u00e0 une \u00e9thique \u00e9cologique.<\/p>\n\n\n\n<h3 id=\"l-art-ecologique-une-revolution-en-cours\"><strong>L&#8217;Art \u00c9cologique : Une R\u00e9volution en Cours<\/strong><\/h3>\n\n\n\n<p>La prise de conscience \u00e9cologique transforme profond\u00e9ment le monde de l&#8217;art. De plus en plus d&#8217;artistes, de mus\u00e9es et de marques comme Particulariz s&#8217;engagent pour une production plus respectueuse de l&#8217;environnement. \u00c0 Gen\u00e8ve, cette tendance est particuli\u00e8rement visible, faisant de la ville un carrefour de l&#8217;art durable.<\/p>\n\n\n\n<p>L&#8217;art \u00e9cologique ne se contente pas de repr\u00e9senter la nature ; il s&#8217;efforce de la pr\u00e9server, de la d\u00e9fendre, et d&#8217;imaginer des futurs plus verts. Cette r\u00e9volution est en marche, et elle nous invite tous \u00e0 repenser notre relation \u00e0 l&#8217;art et \u00e0 l&#8217;environnement.<\/p>\n\n\n\n<p><strong>Conclusion :<\/strong><br>L&#8217;\u00e9cologie dans l&#8217;art n&#8217;est plus une simple tendance ; c&#8217;est une transformation durable et n\u00e9cessaire. \u00c0 travers des exemples d&#8217;artistes, de mus\u00e9es, et de marques comme <a href=\"https:\/\/particulariz.fr\/\" data-type=\"URL\" data-id=\"https:\/\/particulariz.fr\/\">Particulariz<\/a>, nous voyons comment l&#8217;art peut \u00eatre \u00e0 la fois un miroir de notre \u00e9poque et un moteur de changement. Pour <strong><a href=\"https:\/\/amrgeneva.com\/index.php\/contact\/\" data-type=\"page\" data-id=\"3805\">AMR Geneva<\/a><\/strong>, magazine d&#8217;art, il est essentiel de continuer \u00e0 explorer et \u00e0 promouvoir ces initiatives, car elles sont le reflet d&#8217;une soci\u00e9t\u00e9 en qu\u00eate de solutions pour un avenir plus respectueux de notre plan\u00e8te.<\/p>\n","protected":false},"excerpt":{"rendered":"<p>L&#8217;\u00e9cologie, autrefois un sujet p\u00e9riph\u00e9rique dans le monde de l&#8217;art, est d\u00e9sormais au centre des pr\u00e9occupations des artistes, des curateurs, et des institutions culturelles. \u00c0 travers le globe, et notamment \u00e0 Gen\u00e8ve, cette th\u00e9matique prend une place pr\u00e9pond\u00e9rante, influen\u00e7ant non seulement les sujets abord\u00e9s dans les \u0153uvres, mais aussi les pratiques et les politiques des [&hellip;]<\/p>\n","protected":false},"author":1,"featured_media":0,"comment_status":"closed","ping_status":"closed","sticky":false,"template":"","format":"standard","meta":[],"categories":[1],"tags":[],"_links":{"self":[{"href":"https:\/\/amrgeneva.com\/index.php\/wp-json\/wp\/v2\/posts\/5179"}],"collection":[{"href":"https:\/\/amrgeneva.com\/index.php\/wp-json\/wp\/v2\/posts"}],"about":[{"href":"https:\/\/amrgeneva.com\/index.php\/wp-json\/wp\/v2\/types\/post"}],"author":[{"embeddable":true,"href":"https:\/\/amrgeneva.com\/index.php\/wp-json\/wp\/v2\/users\/1"}],"replies":[{"embeddable":true,"href":"https:\/\/amrgeneva.com\/index.php\/wp-json\/wp\/v2\/comments?post=5179"}],"version-history":[{"count":1,"href":"https:\/\/amrgeneva.com\/index.php\/wp-json\/wp\/v2\/posts\/5179\/revisions"}],"predecessor-version":[{"id":5180,"href":"https:\/\/amrgeneva.com\/index.php\/wp-json\/wp\/v2\/posts\/5179\/revisions\/5180"}],"wp:attachment":[{"href":"https:\/\/amrgeneva.com\/index.php\/wp-json\/wp\/v2\/media?parent=5179"}],"wp:term":[{"taxonomy":"category","embeddable":true,"href":"https:\/\/amrgeneva.com\/index.php\/wp-json\/wp\/v2\/categories?post=5179"},{"taxonomy":"post_tag","embeddable":true,"href":"https:\/\/amrgeneva.com\/index.php\/wp-json\/wp\/v2\/tags?post=5179"}],"curies":[{"name":"wp","href":"https:\/\/api.w.org\/{rel}","templated":true}]}}